{"id":4683,"date":"2023-10-23T15:16:32","date_gmt":"2023-10-23T14:16:32","guid":{"rendered":"https:\/\/winestory.org\/?p=4683"},"modified":"2023-11-02T11:25:24","modified_gmt":"2023-11-02T10:25:24","slug":"prochains-rendez-vous-avec-winestory","status":"publish","type":"post","link":"http:\/\/winestory.org\/?p=4683","title":{"rendered":"Prochains rendez-vous avec WineStory"},"content":{"rendered":"<p style=\"text-align: justify;\"><span style=\"font-family: verdana, geneva, sans-serif; font-size: 12pt;\">L&rsquo;association <strong><span style=\"color: #800080;\">WineStory<\/span> <\/strong>est ravie de vous pr\u00e9senter un aper\u00e7u des d\u00e9lices \u00e0 venir.<\/span><\/p>\n<p style=\"text-align: justify;\"><span style=\"font-family: verdana, geneva, sans-serif; font-size: 12pt;\">Dans les mois \u00e0 venir, nous vous proposerons une s\u00e9rie de d\u00e9gustations et d&rsquo;animations uniques. Revenez vers nous pour plus d&rsquo;informations et ne manquez pas l&rsquo;occasion de partager avec nous ces moments d\u00e9di\u00e9s au monde du vin.<\/span><\/p>\n<p style=\"text-align: justify;\"><span style=\"font-family: verdana, geneva, sans-serif; font-size: 12pt;\"><strong>Le vendredi 27 Octobre :<\/strong><\/span><\/p>\n<ul style=\"text-align: justify;\">\n<li><span style=\"font-family: verdana, geneva, sans-serif; font-size: 12pt;\">A 10h00 : D\u00e9gustation, collation au caveau des Touraine &#8211; Amboise, devant le ch\u00e2teau d&rsquo;Amboise<\/span><\/li>\n<li><span style=\"font-family: verdana, geneva, sans-serif; font-size: 12pt;\">A 14h30 : D\u00e9gustation au domaine la Grange Tiphaine \/ Damien Delecheneau. (covoiturage possible)<\/span><\/li>\n<\/ul>\n<p style=\"text-align: justify;\"><span style=\"font-family: verdana, geneva, sans-serif; font-size: 12pt;\"><strong>Le samedi 18 novembre :<\/strong><\/span><\/p>\n<ul style=\"text-align: justify;\">\n<li><span style=\"font-family: verdana, geneva, sans-serif; font-size: 12pt;\">A 10h00 : D\u00e9gustation Touraine-Oisly au domaine, avec d\u00e9jeuner le midi \u00e0 Contres<\/span><\/li>\n<\/ul>\n<p style=\"text-align: justify;\"><span style=\"font-family: verdana, geneva, sans-serif; font-size: 12pt;\"><strong>Le dimanche 17 D\u00e9cembre :<\/strong><\/span><\/p>\n<ul>\n<li style=\"text-align: justify;\"><span style=\"font-family: verdana, geneva, sans-serif; font-size: 12pt;\">D\u00e9jeuner de fin d&rsquo;ann\u00e9e, au restaurant \u00ab\u00a0Gy suis Gy reste\u00a0\u00bb, que nous avions d\u00e9j\u00e0 s\u00e9lectionn\u00e9 l&rsquo;ann\u00e9e derni\u00e8re pour son bon rapport qualit\u00e9 prix. Menu et tarif (en cours) \u00e0 3\/4 plats , vins (3\/4) inclus, choisis par <strong><span style=\"color: #800080;\">WineStory<\/span><\/strong>.<\/span><\/li>\n<\/ul>\n","protected":false},"excerpt":{"rendered":"<p>L&rsquo;association WineStory est ravie de vous pr\u00e9senter un aper\u00e7u des d\u00e9lices \u00e0 venir. Dans les mois \u00e0 venir, nous vous proposerons une s\u00e9rie de d\u00e9gustations et d&rsquo;animations uniques. Revenez vers nous pour plus d&rsquo;informations et ne manquez pas l&rsquo;occasion de partager avec nous ces moments d\u00e9di\u00e9s au monde du vin. Le vendredi 27 Octobre : A 10h00 : D\u00e9gustation, collation au caveau des Touraine &#8211; Amboise, devant le ch\u00e2teau d&rsquo;Amboise A 14h30 : D\u00e9gustation au domaine la Grange Tiphaine \/ Damien Delecheneau. (covoiturage possible) Le samedi 18 novembre : A 10h00 : D\u00e9gustation Touraine-Oisly au domaine, avec d\u00e9jeuner le midi \u00e0 Contres Le dimanche 17 D\u00e9cembre : D\u00e9jeuner de fin d&rsquo;ann\u00e9e, au restaurant \u00ab\u00a0Gy suis Gy reste\u00a0\u00bb, que nous avions d\u00e9j\u00e0 s\u00e9lectionn\u00e9 l&rsquo;ann\u00e9e derni\u00e8re pour son bon rapport qualit\u00e9 prix. Menu et tarif (en cours) \u00e0 3\/4 plats , vins (3\/4) inclus, choisis par WineStory.<\/p>\n","protected":false},"author":1,"featured_media":4684,"comment_status":"open","ping_status":"open","sticky":false,"template":"","format":"standard","meta":{"ngg_post_thumbnail":0,"footnotes":"","_links_to":"","_links_to_target":""},"categories":[6,4],"tags":[308,306,307,309,14,53],"class_list":["post-4683","post","type-post","status-publish","format-standard","has-post-thumbnail","hentry","category-une","category-degustations","tag-amboise","tag-rendez-vous","tag-repas","tag-saint-nicolas-de-bourgueil","tag-touraine","tag-vins"],"aioseo_notices":[],"acf":[],"_links":{"self":[{"href":"http:\/\/winestory.org\/index.php?rest_route=\/wp\/v2\/posts\/4683","targetHints":{"allow":["GET"]}}],"collection":[{"href":"http:\/\/winestory.org\/index.php?rest_route=\/wp\/v2\/posts"}],"about":[{"href":"http:\/\/winestory.org\/index.php?rest_route=\/wp\/v2\/types\/post"}],"author":[{"embeddable":true,"href":"http:\/\/winestory.org\/index.php?rest_route=\/wp\/v2\/users\/1"}],"replies":[{"embeddable":true,"href":"http:\/\/winestory.org\/index.php?rest_route=%2Fwp%2Fv2%2Fcomments&post=4683"}],"version-history":[{"count":0,"href":"http:\/\/winestory.org\/index.php?rest_route=\/wp\/v2\/posts\/4683\/revisions"}],"wp:featuredmedia":[{"embeddable":true,"href":"http:\/\/winestory.org\/index.php?rest_route=\/wp\/v2\/media\/4684"}],"wp:attachment":[{"href":"http:\/\/winestory.org\/index.php?rest_route=%2Fwp%2Fv2%2Fmedia&parent=4683"}],"wp:term":[{"taxonomy":"category","embeddable":true,"href":"http:\/\/winestory.org\/index.php?rest_route=%2Fwp%2Fv2%2Fcategories&post=4683"},{"taxonomy":"post_tag","embeddable":true,"href":"http:\/\/winestory.org\/index.php?rest_route=%2Fwp%2Fv2%2Ftags&post=4683"}],"curies":[{"name":"wp","href":"https:\/\/api.w.org\/{rel}","templated":true}]}}