{"id":5329,"date":"2025-12-11T13:07:34","date_gmt":"2025-12-11T12:07:34","guid":{"rendered":"https:\/\/winestory.org\/?p=5329"},"modified":"2025-12-11T13:07:34","modified_gmt":"2025-12-11T12:07:34","slug":"dejeuner-du-13-decembre-au-restaurant-gy-suis-gy-reste-a-gy-en-sologne","status":"publish","type":"post","link":"http:\/\/winestory.org\/?p=5329","title":{"rendered":"D\u00e9jeuner du 13 d\u00e9cembre, au restaurant Gy suis Gy reste, \u00e0 Gy-en-Sologne"},"content":{"rendered":"<p style=\"text-align: justify;\"><span style=\"font-family: verdana, geneva, sans-serif; font-size: 12pt;\">Nous nous retrouverons le <strong>samedi 13 d\u00e9cembre 2025, \u00e0 12h00<\/strong> pour notre repas annuel de fin d&rsquo;ann\u00e9e.<\/span><\/p>\n<p style=\"text-align: justify;\"><span style=\"font-family: verdana, geneva, sans-serif; font-size: 12pt;\">D\u00e9jeuner bistronomique avec s\u00e9lection des vins par <strong>Winestory<\/strong>, chez <strong>Gy suis Gy reste<\/strong>, \u00e0 Gy-en-Sologne<\/span><\/p>\n<p><a href=\"http:\/\/winestory.org\/wp-content\/uploads\/2025\/12\/13-Decembre.jpg\"><img fetchpriority=\"high\" decoding=\"async\" class=\"aligncenter size-large wp-image-5330\" src=\"http:\/\/winestory.org\/wp-content\/uploads\/2025\/12\/13-Decembre-727x1024.jpg\" alt=\"\" width=\"727\" height=\"1024\" srcset=\"http:\/\/winestory.org\/wp-content\/uploads\/2025\/12\/13-Decembre-727x1024.jpg 727w, http:\/\/winestory.org\/wp-content\/uploads\/2025\/12\/13-Decembre-213x300.jpg 213w, http:\/\/winestory.org\/wp-content\/uploads\/2025\/12\/13-Decembre-768x1082.jpg 768w, http:\/\/winestory.org\/wp-content\/uploads\/2025\/12\/13-Decembre-1090x1536.jpg 1090w, http:\/\/winestory.org\/wp-content\/uploads\/2025\/12\/13-Decembre-1140x1606.jpg 1140w, http:\/\/winestory.org\/wp-content\/uploads\/2025\/12\/13-Decembre.jpg 1231w\" sizes=\"(max-width: 727px) 100vw, 727px\" \/><\/a><\/p>\n","protected":false},"excerpt":{"rendered":"<p>Nous nous retrouverons le samedi 13 d\u00e9cembre 2025, \u00e0 12h00 pour notre repas annuel de fin d&rsquo;ann\u00e9e. D\u00e9jeuner bistronomique avec s\u00e9lection des vins par Winestory, chez Gy suis Gy reste, \u00e0 Gy-en-Sologne<\/p>\n","protected":false},"author":1,"featured_media":5332,"comment_status":"open","ping_status":"open","sticky":false,"template":"","format":"standard","meta":{"ngg_post_thumbnail":0,"footnotes":"","_links_to":"","_links_to_target":""},"categories":[6,5],"tags":[296,372,307],"class_list":["post-5329","post","type-post","status-publish","format-standard","has-post-thumbnail","hentry","category-une","category-evenements","tag-annuel","tag-noel","tag-repas"],"aioseo_notices":[],"acf":[],"_links":{"self":[{"href":"http:\/\/winestory.org\/index.php?rest_route=\/wp\/v2\/posts\/5329","targetHints":{"allow":["GET"]}}],"collection":[{"href":"http:\/\/winestory.org\/index.php?rest_route=\/wp\/v2\/posts"}],"about":[{"href":"http:\/\/winestory.org\/index.php?rest_route=\/wp\/v2\/types\/post"}],"author":[{"embeddable":true,"href":"http:\/\/winestory.org\/index.php?rest_route=\/wp\/v2\/users\/1"}],"replies":[{"embeddable":true,"href":"http:\/\/winestory.org\/index.php?rest_route=%2Fwp%2Fv2%2Fcomments&post=5329"}],"version-history":[{"count":0,"href":"http:\/\/winestory.org\/index.php?rest_route=\/wp\/v2\/posts\/5329\/revisions"}],"wp:featuredmedia":[{"embeddable":true,"href":"http:\/\/winestory.org\/index.php?rest_route=\/wp\/v2\/media\/5332"}],"wp:attachment":[{"href":"http:\/\/winestory.org\/index.php?rest_route=%2Fwp%2Fv2%2Fmedia&parent=5329"}],"wp:term":[{"taxonomy":"category","embeddable":true,"href":"http:\/\/winestory.org\/index.php?rest_route=%2Fwp%2Fv2%2Fcategories&post=5329"},{"taxonomy":"post_tag","embeddable":true,"href":"http:\/\/winestory.org\/index.php?rest_route=%2Fwp%2Fv2%2Ftags&post=5329"}],"curies":[{"name":"wp","href":"https:\/\/api.w.org\/{rel}","templated":true}]}}