{"id":855,"date":"2014-01-03T16:00:56","date_gmt":"2014-01-03T15:00:56","guid":{"rendered":"http:\/\/winestory.org\/?p=855"},"modified":"2014-01-03T16:00:56","modified_gmt":"2014-01-03T15:00:56","slug":"assemblee-generale-2014","status":"publish","type":"post","link":"http:\/\/winestory.org\/?p=855","title":{"rendered":"Assembl\u00e9e G\u00e9n\u00e9rale 2014"},"content":{"rendered":"<p><span style=\"font-family: verdana,geneva;\">Madame, Monsieur, Cher(e) s membres*,<\/span><\/p>\n<p><span style=\"font-family: verdana,geneva;\">Nous avons le plaisir de vous informer que l&rsquo;Assembl\u00e9e G\u00e9n\u00e9rale (2013), de notre association aura lieu le<br \/>\n<\/span><\/p>\n<p style=\"text-align: center;\"><span style=\"color: #5b304e;\"><strong><span style=\"font-family: verdana,geneva;\">\u200bVendredi 31 janvier 2014 \u00e0 18h30<br \/>\nAu restaurant <\/span><span style=\"font-family: verdana,geneva;\">Les Lions du Val<br \/>\n50 quai du G\u00e9nie, 95220 Herblay\u200b<\/span><\/strong><\/span><\/p>\n<p><span style=\"font-family: verdana,geneva;\"><span style=\"text-decoration: underline;\"><strong>IMPORTANT<\/strong> <\/span>:<\/span><br \/>\n<span style=\"font-family: verdana,geneva;\"> \u200bMerci de nous donner votre r\u00e9ponse\u200b <span style=\"text-decoration: underline;\"><strong>avant le 15 janvier 2014<\/strong><\/span>, cette assembl\u00e9e sera suivie d&rsquo;un d\u00eener facultatif, avec animation musicale.<\/span><\/p>\n<p><span style=\"font-family: verdana,geneva;\">R\u00e9ponse \u00e0 adresser \u00e0 <\/span><span style=\"font-family: verdana,geneva;\">Jean-Charles B\u00e9guet &#8211; <a href=\"mailto:jcbeguet@winestory.fr\">jcbeguet@winestory.fr<\/a><\/span><\/p>\n<p><strong><span style=\"font-family: verdana,geneva;\">L&rsquo;ordre du jour pr\u00e9vu est :<\/span><\/strong><\/p>\n<ol>\n<li><span style=\"font-family: verdana,geneva;\">Lecture du compte rendu A.G 2012<\/span><\/li>\n<li><span style=\"font-family: verdana,geneva;\">Rapport moral des activit\u00e9s 2013<\/span><\/li>\n<li><span style=\"font-family: verdana,geneva;\">Rapport financier<\/span><\/li>\n<li><span style=\"font-family: verdana,geneva;\">Quitus au tr\u00e9sorier<\/span><\/li>\n<li><span style=\"font-family: verdana,geneva;\">Remerciements<\/span><\/li>\n<li><span style=\"font-family: verdana,geneva;\">Reg. d\u2019achats, site<\/span><\/li>\n<li><span style=\"font-family: verdana,geneva;\">R\u00e9-adh\u00e9sions et nouvelles adh\u00e9sions 2013<\/span><\/li>\n<li><span style=\"font-family: verdana,geneva;\">Demande d\u2019aide de membres participant au fonctionnement de l\u2019association<\/span><span style=\"font-family: verdana,geneva;\">\u200b (secr\u00e9taire adjoint \u00e0 pourvoir)\u200b<\/span><\/li>\n<li><span style=\"font-family: verdana,geneva;\">Id\u00e9es manifestations \u00e0 pr\u00e9voir en 2014 (Vos souhaits)<\/span><\/li>\n<li><span style=\"font-family: verdana,geneva;\">10. Questions diverses<\/span><\/li>\n<\/ol>\n<p><span style=\"font-family: verdana,geneva;\">*Nous vous rappelons que seuls les membres \u00e0 jour de cotisation sont en mesure de participer \u00e0 la pr\u00e9sente Assembl\u00e9e G\u00e9n\u00e9rale.<\/span><\/p>\n<p><span style=\"font-family: verdana,geneva;\">Nous comptons sur votre pr\u00e9sence, et vous remercions pour votre fid\u00e9lit\u00e9 et votre soutien \u00e0 <strong><span style=\"color: #5b304e;\">WineStory<\/span><\/strong>.<\/span><\/p>\n<p><span style=\"font-family: verdana,geneva;\">Apr\u00e8s l&rsquo;Assembl\u00e9e G\u00e9n\u00e9rale vous pouvez assister au \u200bd\u00eener <\/span><span style=\"font-family: verdana,geneva;\">\u00e0<\/span> <span style=\"font-family: verdana,geneva;\">\u200b38<\/span><span style=\"font-family: verdana,geneva;\">,<\/span><span style=\"font-family: verdana,geneva;\">\u200b00 <\/span><span style=\"font-family: verdana,geneva;\">\u20ac <\/span><span style=\"font-family: verdana,geneva;\">par personne,\u200b <\/span><span style=\"font-family: verdana,geneva;\">\u00e0 <\/span><span style=\"font-family: verdana,geneva;\">20<\/span><span style=\"font-family: verdana,geneva;\">h<\/span><span style=\"font-family: verdana,geneva;\">\u200b15 <\/span><span style=\"font-family: verdana,geneva;\">au restaurant<\/span> \u00ab\u00a0<span style=\"font-family: verdana,geneva;\">Les Lions du Val\u200b<\/span>\u00ab\u00a0.<span style=\"font-family: verdana,geneva;\"> Repas ouvert aux non <\/span><span style=\"font-family: verdana,geneva;\">adh\u00e9rents<\/span><\/p>\n","protected":false},"excerpt":{"rendered":"<p>Madame, Monsieur, Cher(e) s membres*, Nous avons le plaisir de vous informer que l&rsquo;Assembl\u00e9e G\u00e9n\u00e9rale (2013), de notre association aura lieu le \u200bVendredi 31 janvier 2014 \u00e0 18h30 Au restaurant Les Lions du Val 50 quai du G\u00e9nie, 95220 Herblay\u200b IMPORTANT : \u200bMerci de nous donner votre r\u00e9ponse\u200b avant le 15 janvier 2014, cette assembl\u00e9e sera suivie d&rsquo;un d\u00eener facultatif, avec animation musicale. R\u00e9ponse \u00e0 adresser \u00e0 Jean-Charles B\u00e9guet &#8211; jcbeguet@winestory.fr L&rsquo;ordre du jour pr\u00e9vu est : Lecture du compte rendu A.G 2012 Rapport moral des activit\u00e9s 2013 Rapport financier Quitus au tr\u00e9sorier Remerciements Reg. d\u2019achats, site R\u00e9-adh\u00e9sions et nouvelles adh\u00e9sions 2013 Demande d\u2019aide de membres participant au fonctionnement de l\u2019association\u200b (secr\u00e9taire adjoint \u00e0 pourvoir)\u200b Id\u00e9es manifestations \u00e0 pr\u00e9voir en 2014 (Vos souhaits) 10. Questions diverses *Nous vous rappelons que seuls les membres \u00e0 jour de cotisation sont en mesure de participer \u00e0 la pr\u00e9sente Assembl\u00e9e G\u00e9n\u00e9rale. Nous comptons sur votre pr\u00e9sence, et vous remercions pour votre fid\u00e9lit\u00e9 et votre soutien \u00e0 WineStory. Apr\u00e8s l&rsquo;Assembl\u00e9e G\u00e9n\u00e9rale vous pouvez assister au \u200bd\u00eener \u00e0 \u200b38,\u200b00 \u20ac par personne,\u200b \u00e0 20h\u200b15 au restaurant \u00ab\u00a0Les Lions du Val\u200b\u00ab\u00a0. Repas ouvert aux non adh\u00e9rents<\/p>\n","protected":false},"author":1,"featured_media":0,"comment_status":"open","ping_status":"open","sticky":false,"template":"","format":"standard","meta":{"ngg_post_thumbnail":0,"footnotes":"","_links_to":"","_links_to_target":""},"categories":[6,8],"tags":[32],"class_list":["post-855","post","type-post","status-publish","format-standard","hentry","category-une","category-informations","tag-assemblee-generale"],"aioseo_notices":[],"acf":[],"_links":{"self":[{"href":"http:\/\/winestory.org\/index.php?rest_route=\/wp\/v2\/posts\/855","targetHints":{"allow":["GET"]}}],"collection":[{"href":"http:\/\/winestory.org\/index.php?rest_route=\/wp\/v2\/posts"}],"about":[{"href":"http:\/\/winestory.org\/index.php?rest_route=\/wp\/v2\/types\/post"}],"author":[{"embeddable":true,"href":"http:\/\/winestory.org\/index.php?rest_route=\/wp\/v2\/users\/1"}],"replies":[{"embeddable":true,"href":"http:\/\/winestory.org\/index.php?rest_route=%2Fwp%2Fv2%2Fcomments&post=855"}],"version-history":[{"count":0,"href":"http:\/\/winestory.org\/index.php?rest_route=\/wp\/v2\/posts\/855\/revisions"}],"wp:attachment":[{"href":"http:\/\/winestory.org\/index.php?rest_route=%2Fwp%2Fv2%2Fmedia&parent=855"}],"wp:term":[{"taxonomy":"category","embeddable":true,"href":"http:\/\/winestory.org\/index.php?rest_route=%2Fwp%2Fv2%2Fcategories&post=855"},{"taxonomy":"post_tag","embeddable":true,"href":"http:\/\/winestory.org\/index.php?rest_route=%2Fwp%2Fv2%2Ftags&post=855"}],"curies":[{"name":"wp","href":"https:\/\/api.w.org\/{rel}","templated":true}]}}