{"id":1324,"date":"2016-02-03T09:52:17","date_gmt":"2016-02-03T08:52:17","guid":{"rendered":"http:\/\/winestory.org\/?p=1324"},"modified":"2016-02-08T11:28:56","modified_gmt":"2016-02-08T10:28:56","slug":"sieurs-degustateurs-vous-allez-salement-deguster","status":"publish","type":"post","link":"https:\/\/winestory.org\/?p=1324","title":{"rendered":"Sieurs d\u00e9gustateurs, vous allez salement d\u00e9guster !"},"content":{"rendered":"<p style=\"text-align: justify;\"><span style=\"font-family: verdana, geneva, sans-serif; font-size: 12pt;\">Je vous pr\u00e9viens en 2016 vous allez d\u00e9guster !!!<\/span><\/p>\n<p style=\"text-align: justify;\"><span style=\"text-decoration: underline; font-family: verdana, geneva, sans-serif; font-size: 12pt;\"><strong>Calendrier des manifestations<\/strong><\/span> <span style=\"font-family: verdana, geneva, sans-serif; font-size: 12pt;\"><strong><span style=\"color: #ff0000;\">*<\/span> :<\/strong><\/span><\/p>\n<ul>\n<li style=\"text-align: justify;\"><span style=\"font-family: verdana, geneva, sans-serif; font-size: 12pt;\"><strong>Vendredi 12 f\u00e9vrier 2016<\/strong> : Initiation \u00e0 la d\u00e9gustation<\/span><\/li>\n<li style=\"text-align: justify;\"><span style=\"font-family: verdana, geneva, sans-serif; font-size: 12pt;\"><strong>Samedi 16 avril 2016<\/strong> : D\u00eener de Gala dansant (local)<\/span><\/li>\n<li style=\"text-align: justify;\"><span style=\"font-family: verdana, geneva, sans-serif; font-size: 12pt;\"><strong>Du 5 au 8 mai 2016<\/strong> : Le grand pont oenotouristique (Ascension), dans la r\u00e9gion des appellations septentrionales de la Vall\u00e9e du Rh\u00f4ne, (Vienne au sud de Lyon) : <strong>C\u00f4te-r\u00f4tie<\/strong>, <strong>Condrieu<\/strong>, <strong>Ch\u00e2teau Grillet<\/strong> et <strong>Saint-Joseph<\/strong>, patrie escarp\u00e9e des c\u00e9pages syrah et viognier. Visites du patrimoine, d\u00e9gustations chez le vigneron, chambres et tables d&rsquo;h\u00f4tes. (en petit comit\u00e9)<\/span><\/li>\n<li style=\"text-align: justify;\"><span style=\"font-family: verdana, geneva, sans-serif; font-size: 12pt;\"><strong>9 et 10 juillet 2016<\/strong> : Week-end oenotouristique en <strong>Normandie<\/strong> : d\u00e9couverte d&rsquo;un vigneron et\/ou d&rsquo;un distillateur de et en <strong>Calvados<\/strong>, cidre, visite patrimoine et fromager.<\/span><\/li>\n<li style=\"text-align: justify;\"><span style=\"font-family: verdana, geneva, sans-serif; font-size: 12pt;\"><strong>A la rentr\u00e9e<\/strong> : D\u00e9gustation de vins portugais chez <strong>Portologia<\/strong> \u00e0 Paris<\/span><\/li>\n<\/ul>\n<p style=\"text-align: justify;\"><span style=\"font-family: verdana, geneva, sans-serif; font-size: 12pt;\"><strong>Notez toutes ces dates sur votre agenda d\u00e8s maintenant !<\/strong><\/span><\/p>\n<p style=\"text-align: justify;\"><span style=\"font-family: verdana, geneva, sans-serif; font-size: 12pt;\"><strong><span style=\"color: #ff0000;\">\u200b\u200b\u200b\u200b\u200b<\/span><\/strong>Merci de respecter les dates buttoir de confirmation et les r\u00e8glements s\u00e9par\u00e9s.<\/span><\/p>\n<p style=\"text-align: justify;\"><span style=\"font-family: verdana, geneva, sans-serif; font-size: 12pt;\">Afin d&rsquo; avoir la possibilit\u00e9 de pouvoir r\u00e9server \u00e0 temps, et d&rsquo;organiser, nous vous remercions de nous donner vos options d\u00e9s maintenant, notamment pour la soir\u00e9e dansante et le s\u00e9jour en C\u00f4te R\u00f4tie, s&rsquo;il vous pla\u00eet en nous \u00e9crivant sur\u00a0<strong><a href=\"mailto:contact@winestory.fr\">contact@winestory.fr<\/a><\/strong><\/span><\/p>\n<p style=\"text-align: justify;\"><span style=\"font-family: verdana, geneva, sans-serif; font-size: 12pt;\"><span style=\"color: #ff0000;\"><strong>*<\/strong><\/span> en cours d&rsquo;\u00e9laboration, sous r\u00e9serves de modification.<\/span><\/p>\n","protected":false},"excerpt":{"rendered":"<p>Je vous pr\u00e9viens en 2016 vous allez d\u00e9guster !!! Calendrier des manifestations * : Vendredi 12 f\u00e9vrier 2016 : Initiation \u00e0 la d\u00e9gustation Samedi 16 avril 2016 : D\u00eener de Gala dansant (local) Du 5 au 8 mai 2016 : Le grand pont oenotouristique (Ascension), dans la r\u00e9gion des appellations septentrionales de la Vall\u00e9e du Rh\u00f4ne, (Vienne au sud de Lyon) : C\u00f4te-r\u00f4tie, Condrieu, Ch\u00e2teau Grillet et Saint-Joseph, patrie escarp\u00e9e des c\u00e9pages syrah et viognier. Visites du patrimoine, d\u00e9gustations chez le vigneron, chambres et tables d&rsquo;h\u00f4tes. (en petit comit\u00e9) 9 et 10 juillet 2016 : Week-end oenotouristique en Normandie : d\u00e9couverte d&rsquo;un vigneron et\/ou d&rsquo;un distillateur de et en Calvados, cidre, visite patrimoine et fromager. A la rentr\u00e9e : D\u00e9gustation de vins portugais chez Portologia \u00e0 Paris Notez toutes ces dates sur votre agenda d\u00e8s maintenant ! \u200b\u200b\u200b\u200b\u200bMerci de respecter les dates buttoir de confirmation et les r\u00e8glements s\u00e9par\u00e9s. Afin d&rsquo; avoir la possibilit\u00e9 de pouvoir r\u00e9server \u00e0 temps, et d&rsquo;organiser, nous vous remercions de nous donner vos options d\u00e9s maintenant, notamment pour la soir\u00e9e dansante et le s\u00e9jour en C\u00f4te R\u00f4tie, s&rsquo;il vous pla\u00eet en nous \u00e9crivant sur\u00a0contact@winestory.fr * en cours d&rsquo;\u00e9laboration, sous r\u00e9serves de modification.<\/p>\n","protected":false},"author":1,"featured_media":1325,"comment_status":"open","ping_status":"open","sticky":false,"template":"","format":"standard","meta":{"ngg_post_thumbnail":0,"footnotes":"","_links_to":"","_links_to_target":""},"categories":[6,8],"tags":[35],"class_list":["post-1324","post","type-post","status-publish","format-standard","has-post-thumbnail","hentry","category-une","category-informations","tag-agenda"],"aioseo_notices":[],"aioseo_head":"\n\t\t<!-- All in One SEO 5.0.1.1 - aioseo.com -->\n\t<meta name=\"description\" content=\"Je vous pr\u00e9viens en 2016 vous allez d\u00e9guster !!! Calendrier des manifestations * : Vendredi 12 f\u00e9vrier 2016 : Initiation \u00e0 la d\u00e9gustation Samedi 16 avril 2016 : D\u00eener de Gala dansant (local) Du 5 au 8 mai 2016 : Le grand pont oenotouristique (Ascension), dans la r\u00e9gion des appellations septentrionales de la Vall\u00e9e du Rh\u00f4ne, (Vienne au sud de Lyon) : C\u00f4te-r\u00f4tie, Condrieu, Ch\u00e2teau Grillet et Saint-Joseph, patrie escarp\u00e9e des c\u00e9pages syrah et viognier. Visites du patrimoine, d\u00e9gustations chez le vigneron, chambres et tables d&#039;h\u00f4tes. (en petit comit\u00e9) 2 et 3 juillet 2016 : Week-end oenotouristique en Normandie : d\u00e9couverte d&#039;un vigneron et\/ou d&#039;un distillateur de et en Calvados, cidre, visite patrimoine et fromager. A la rentr\u00e9e : D\u00e9gustation de vins portugais chez Portologia \u00e0 Paris Notez toutes ces dates sur votre agenda d\u00e8s maintenant ! \u200b\u200b\u200b\u200b\u200bMerci de respecter les dates buttoir de confirmation et les r\u00e8glements s\u00e9par\u00e9s. Afin d&#039; avoir la possibilit\u00e9 de pouvoir r\u00e9server \u00e0 temps,et d&#039;organiser, nous vous remercions de nous donner vos options d\u00e9s maintenant, notamment pour la soir\u00e9e dansante et le s\u00e9jour en C\u00f4te R\u00f4tie, s&#039;il vous pla\u00eet en nous \u00e9crivant sur contact@winestory.fr * en cours d&#039;\u00e9laboration, sous r\u00e9serves de modification.\" \/>\n\t<meta name=\"robots\" content=\"max-image-preview:large\" \/>\n\t<meta name=\"author\" content=\"WineStory\"\/>\n\t<link rel=\"canonical\" href=\"https:\/\/winestory.org\/?p=1324\" \/>\n\t<meta name=\"generator\" content=\"All in One SEO (AIOSEO) 5.0.1.1\" \/>\n\t\t<meta property=\"og:locale\" content=\"fr_FR\" \/>\n\t\t<meta property=\"og:site_name\" content=\"Winestory | L&#039;autre fa\u00e7on de parler du vin...\" \/>\n\t\t<meta property=\"og:type\" content=\"article\" \/>\n\t\t<meta property=\"og:title\" content=\"Sieurs d\u00e9gustateurs, vous allez salement d\u00e9guster ! | Winestory\" \/>\n\t\t<meta property=\"og:description\" content=\"Je vous pr\u00e9viens en 2016 vous allez d\u00e9guster !!! Calendrier des manifestations * : Vendredi 12 f\u00e9vrier 2016 : Initiation \u00e0 la d\u00e9gustation Samedi 16 avril 2016 : D\u00eener de Gala dansant (local) Du 5 au 8 mai 2016 : Le grand pont oenotouristique (Ascension), dans la r\u00e9gion des appellations septentrionales de la Vall\u00e9e du Rh\u00f4ne, (Vienne au sud de Lyon) : C\u00f4te-r\u00f4tie, Condrieu, Ch\u00e2teau Grillet et Saint-Joseph, patrie escarp\u00e9e des c\u00e9pages syrah et viognier. Visites du patrimoine, d\u00e9gustations chez le vigneron, chambres et tables d&#039;h\u00f4tes. (en petit comit\u00e9) 2 et 3 juillet 2016 : Week-end oenotouristique en Normandie : d\u00e9couverte d&#039;un vigneron et\/ou d&#039;un distillateur de et en Calvados, cidre, visite patrimoine et fromager. A la rentr\u00e9e : D\u00e9gustation de vins portugais chez Portologia \u00e0 Paris Notez toutes ces dates sur votre agenda d\u00e8s maintenant ! \u200b\u200b\u200b\u200b\u200bMerci de respecter les dates buttoir de confirmation et les r\u00e8glements s\u00e9par\u00e9s. Afin d&#039; avoir la possibilit\u00e9 de pouvoir r\u00e9server \u00e0 temps,et d&#039;organiser, nous vous remercions de nous donner vos options d\u00e9s maintenant, notamment pour la soir\u00e9e dansante et le s\u00e9jour en C\u00f4te R\u00f4tie, s&#039;il vous pla\u00eet en nous \u00e9crivant sur contact@winestory.fr * en cours d&#039;\u00e9laboration, sous r\u00e9serves de modification.\" \/>\n\t\t<meta property=\"og:url\" content=\"https:\/\/winestory.org\/?p=1324\" \/>\n\t\t<meta property=\"article:published_time\" content=\"2016-02-03T08:52:17+00:00\" \/>\n\t\t<meta property=\"article:modified_time\" content=\"2016-02-08T10:28:56+00:00\" \/>\n\t\t<meta name=\"twitter:card\" content=\"summary\" \/>\n\t\t<meta name=\"twitter:title\" content=\"Sieurs d\u00e9gustateurs, vous allez salement d\u00e9guster ! | Winestory\" \/>\n\t\t<meta name=\"twitter:description\" content=\"Je vous pr\u00e9viens en 2016 vous allez d\u00e9guster !!! Calendrier des manifestations * : Vendredi 12 f\u00e9vrier 2016 : Initiation \u00e0 la d\u00e9gustation Samedi 16 avril 2016 : D\u00eener de Gala dansant (local) Du 5 au 8 mai 2016 : Le grand pont oenotouristique (Ascension), dans la r\u00e9gion des appellations septentrionales de la Vall\u00e9e du Rh\u00f4ne, (Vienne au sud de Lyon) : C\u00f4te-r\u00f4tie, Condrieu, Ch\u00e2teau Grillet et Saint-Joseph, patrie escarp\u00e9e des c\u00e9pages syrah et viognier. Visites du patrimoine, d\u00e9gustations chez le vigneron, chambres et tables d&#039;h\u00f4tes. (en petit comit\u00e9) 2 et 3 juillet 2016 : Week-end oenotouristique en Normandie : d\u00e9couverte d&#039;un vigneron et\/ou d&#039;un distillateur de et en Calvados, cidre, visite patrimoine et fromager. A la rentr\u00e9e : D\u00e9gustation de vins portugais chez Portologia \u00e0 Paris Notez toutes ces dates sur votre agenda d\u00e8s maintenant ! \u200b\u200b\u200b\u200b\u200bMerci de respecter les dates buttoir de confirmation et les r\u00e8glements s\u00e9par\u00e9s. Afin d&#039; avoir la possibilit\u00e9 de pouvoir r\u00e9server \u00e0 temps,et d&#039;organiser, nous vous remercions de nous donner vos options d\u00e9s maintenant, notamment pour la soir\u00e9e dansante et le s\u00e9jour en C\u00f4te R\u00f4tie, s&#039;il vous pla\u00eet en nous \u00e9crivant sur contact@winestory.fr * en cours d&#039;\u00e9laboration, sous r\u00e9serves de modification.\" \/>\n\t\t<script type=\"application\/ld+json\" class=\"aioseo-schema\">\n\t\t\t{\"@context\":\"https:\\\/\\\/schema.org\",\"@graph\":[{\"@type\":\"Article\",\"@id\":\"https:\\\/\\\/winestory.org\\\/?p=1324#article\",\"name\":\"Sieurs d\\u00e9gustateurs, vous allez salement d\\u00e9guster ! | Winestory\",\"headline\":\"Sieurs d\\u00e9gustateurs, vous allez salement d\\u00e9guster !\",\"author\":{\"@id\":\"https:\\\/\\\/winestory.org\\\/?author=1#author\"},\"publisher\":{\"@id\":\"https:\\\/\\\/winestory.org\\\/#organization\"},\"image\":{\"@type\":\"ImageObject\",\"url\":\"https:\\\/\\\/winestory.org\\\/wp-content\\\/uploads\\\/2016\\\/02\\\/ob_46bf3f_12308283-712025102261161-3181376840114.jpg\",\"width\":526,\"height\":526},\"datePublished\":\"2016-02-03T09:52:17+01:00\",\"dateModified\":\"2016-02-08T11:28:56+01:00\",\"inLanguage\":\"fr-FR\",\"commentCount\":1,\"mainEntityOfPage\":{\"@id\":\"https:\\\/\\\/winestory.org\\\/?p=1324#webpage\"},\"isPartOf\":{\"@id\":\"https:\\\/\\\/winestory.org\\\/?p=1324#webpage\"},\"articleSection\":\"A la une, Informations, Agenda\"},{\"@type\":\"BreadcrumbList\",\"@id\":\"https:\\\/\\\/winestory.org\\\/?p=1324#breadcrumblist\",\"itemListElement\":[{\"@type\":\"ListItem\",\"@id\":\"https:\\\/\\\/winestory.org#listItem\",\"position\":1,\"name\":\"Accueil\",\"item\":\"https:\\\/\\\/winestory.org\",\"nextItem\":{\"@type\":\"ListItem\",\"@id\":\"https:\\\/\\\/winestory.org\\\/?cat=6#listItem\",\"name\":\"A la une\"}},{\"@type\":\"ListItem\",\"@id\":\"https:\\\/\\\/winestory.org\\\/?cat=6#listItem\",\"position\":2,\"name\":\"A la une\",\"item\":\"https:\\\/\\\/winestory.org\\\/?cat=6\",\"nextItem\":{\"@type\":\"ListItem\",\"@id\":\"https:\\\/\\\/winestory.org\\\/?p=1324#listItem\",\"name\":\"Sieurs d\\u00e9gustateurs, vous allez salement d\\u00e9guster !\"},\"previousItem\":{\"@type\":\"ListItem\",\"@id\":\"https:\\\/\\\/winestory.org#listItem\",\"name\":\"Accueil\"}},{\"@type\":\"ListItem\",\"@id\":\"https:\\\/\\\/winestory.org\\\/?p=1324#listItem\",\"position\":3,\"name\":\"Sieurs d\\u00e9gustateurs, vous allez salement d\\u00e9guster !\",\"previousItem\":{\"@type\":\"ListItem\",\"@id\":\"https:\\\/\\\/winestory.org\\\/?cat=6#listItem\",\"name\":\"A la une\"}}]},{\"@type\":\"Organization\",\"@id\":\"https:\\\/\\\/winestory.org\\\/#organization\",\"name\":\"Winestory\",\"description\":\"L'autre fa\\u00e7on de parler du vin...\",\"url\":\"https:\\\/\\\/winestory.org\\\/\"},{\"@type\":\"Person\",\"@id\":\"https:\\\/\\\/winestory.org\\\/?author=1#author\",\"url\":\"https:\\\/\\\/winestory.org\\\/?author=1\",\"name\":\"WineStory\",\"image\":{\"@type\":\"ImageObject\",\"@id\":\"https:\\\/\\\/winestory.org\\\/?p=1324#authorImage\",\"url\":\"https:\\\/\\\/secure.gravatar.com\\\/avatar\\\/d3db91336fc7f183ab9f444dc4dd0ca860b4dfc0d7646e49dc5c691979c0514d?s=96&d=mm&r=g\",\"width\":96,\"height\":96,\"caption\":\"WineStory\"}},{\"@type\":\"WebPage\",\"@id\":\"https:\\\/\\\/winestory.org\\\/?p=1324#webpage\",\"url\":\"https:\\\/\\\/winestory.org\\\/?p=1324\",\"name\":\"Sieurs d\\u00e9gustateurs, vous allez salement d\\u00e9guster ! | Winestory\",\"description\":\"Je vous pr\\u00e9viens en 2016 vous allez d\\u00e9guster !!! Calendrier des manifestations * : Vendredi 12 f\\u00e9vrier 2016 : Initiation \\u00e0 la d\\u00e9gustation Samedi 16 avril 2016 : D\\u00eener de Gala dansant (local) Du 5 au 8 mai 2016 : Le grand pont oenotouristique (Ascension), dans la r\\u00e9gion des appellations septentrionales de la Vall\\u00e9e du Rh\\u00f4ne, (Vienne au sud de Lyon) : C\\u00f4te-r\\u00f4tie, Condrieu, Ch\\u00e2teau Grillet et Saint-Joseph, patrie escarp\\u00e9e des c\\u00e9pages syrah et viognier. Visites du patrimoine, d\\u00e9gustations chez le vigneron, chambres et tables d'h\\u00f4tes. (en petit comit\\u00e9) 2 et 3 juillet 2016 : Week-end oenotouristique en Normandie : d\\u00e9couverte d'un vigneron et\\\/ou d'un distillateur de et en Calvados, cidre, visite patrimoine et fromager. A la rentr\\u00e9e : D\\u00e9gustation de vins portugais chez Portologia \\u00e0 Paris Notez toutes ces dates sur votre agenda d\\u00e8s maintenant ! \\u200b\\u200b\\u200b\\u200b\\u200bMerci de respecter les dates buttoir de confirmation et les r\\u00e8glements s\\u00e9par\\u00e9s. Afin d' avoir la possibilit\\u00e9 de pouvoir r\\u00e9server \\u00e0 temps,et d'organiser, nous vous remercions de nous donner vos options d\\u00e9s maintenant, notamment pour la soir\\u00e9e dansante et le s\\u00e9jour en C\\u00f4te R\\u00f4tie, s'il vous pla\\u00eet en nous \\u00e9crivant sur contact@winestory.fr * en cours d'\\u00e9laboration, sous r\\u00e9serves de modification.\",\"inLanguage\":\"fr-FR\",\"isPartOf\":{\"@id\":\"https:\\\/\\\/winestory.org\\\/#website\"},\"breadcrumb\":{\"@id\":\"https:\\\/\\\/winestory.org\\\/?p=1324#breadcrumblist\"},\"author\":{\"@id\":\"https:\\\/\\\/winestory.org\\\/?author=1#author\"},\"creator\":{\"@id\":\"https:\\\/\\\/winestory.org\\\/?author=1#author\"},\"image\":{\"@type\":\"ImageObject\",\"url\":\"https:\\\/\\\/winestory.org\\\/wp-content\\\/uploads\\\/2016\\\/02\\\/ob_46bf3f_12308283-712025102261161-3181376840114.jpg\",\"@id\":\"https:\\\/\\\/winestory.org\\\/?p=1324\\\/#mainImage\",\"width\":526,\"height\":526},\"primaryImageOfPage\":{\"@id\":\"https:\\\/\\\/winestory.org\\\/?p=1324#mainImage\"},\"datePublished\":\"2016-02-03T09:52:17+01:00\",\"dateModified\":\"2016-02-08T11:28:56+01:00\"},{\"@type\":\"WebSite\",\"@id\":\"https:\\\/\\\/winestory.org\\\/#website\",\"url\":\"https:\\\/\\\/winestory.org\\\/\",\"name\":\"Winestory\",\"description\":\"L'autre fa\\u00e7on de parler du vin...\",\"inLanguage\":\"fr-FR\",\"publisher\":{\"@id\":\"https:\\\/\\\/winestory.org\\\/#organization\"}}]}\n\t\t<\/script>\n\t\t<!-- All in One SEO -->\n\n","aioseo_head_json":{"title":"Sieurs d\u00e9gustateurs, vous allez salement d\u00e9guster ! | Winestory","description":"Je vous pr\u00e9viens en 2016 vous allez d\u00e9guster !!! Calendrier des manifestations * : Vendredi 12 f\u00e9vrier 2016 : Initiation \u00e0 la d\u00e9gustation Samedi 16 avril 2016 : D\u00eener de Gala dansant (local) Du 5 au 8 mai 2016 : Le grand pont oenotouristique (Ascension), dans la r\u00e9gion des appellations septentrionales de la Vall\u00e9e du Rh\u00f4ne, (Vienne au sud de Lyon) : C\u00f4te-r\u00f4tie, Condrieu, Ch\u00e2teau Grillet et Saint-Joseph, patrie escarp\u00e9e des c\u00e9pages syrah et viognier. Visites du patrimoine, d\u00e9gustations chez le vigneron, chambres et tables d'h\u00f4tes. (en petit comit\u00e9) 2 et 3 juillet 2016 : Week-end oenotouristique en Normandie : d\u00e9couverte d'un vigneron et\/ou d'un distillateur de et en Calvados, cidre, visite patrimoine et fromager. A la rentr\u00e9e : D\u00e9gustation de vins portugais chez Portologia \u00e0 Paris Notez toutes ces dates sur votre agenda d\u00e8s maintenant ! \u200b\u200b\u200b\u200b\u200bMerci de respecter les dates buttoir de confirmation et les r\u00e8glements s\u00e9par\u00e9s. Afin d' avoir la possibilit\u00e9 de pouvoir r\u00e9server \u00e0 temps,et d'organiser, nous vous remercions de nous donner vos options d\u00e9s maintenant, notamment pour la soir\u00e9e dansante et le s\u00e9jour en C\u00f4te R\u00f4tie, s'il vous pla\u00eet en nous \u00e9crivant sur contact@winestory.fr * en cours d'\u00e9laboration, sous r\u00e9serves de modification.","canonical_url":"https:\/\/winestory.org\/?p=1324","robots":"max-image-preview:large","keywords":"","webmasterTools":{"miscellaneous":""},"schema":{"@context":"https:\/\/schema.org","@graph":[{"@type":"Article","@id":"https:\/\/winestory.org\/?p=1324#article","name":"Sieurs d\u00e9gustateurs, vous allez salement d\u00e9guster ! | Winestory","headline":"Sieurs d\u00e9gustateurs, vous allez salement d\u00e9guster !","author":{"@id":"https:\/\/winestory.org\/?author=1#author"},"publisher":{"@id":"https:\/\/winestory.org\/#organization"},"image":{"@type":"ImageObject","url":"https:\/\/winestory.org\/wp-content\/uploads\/2016\/02\/ob_46bf3f_12308283-712025102261161-3181376840114.jpg","width":526,"height":526},"datePublished":"2016-02-03T09:52:17+01:00","dateModified":"2016-02-08T11:28:56+01:00","inLanguage":"fr-FR","commentCount":1,"mainEntityOfPage":{"@id":"https:\/\/winestory.org\/?p=1324#webpage"},"isPartOf":{"@id":"https:\/\/winestory.org\/?p=1324#webpage"},"articleSection":"A la une, Informations, Agenda"},{"@type":"BreadcrumbList","@id":"https:\/\/winestory.org\/?p=1324#breadcrumblist","itemListElement":[{"@type":"ListItem","@id":"https:\/\/winestory.org#listItem","position":1,"name":"Accueil","item":"https:\/\/winestory.org","nextItem":{"@type":"ListItem","@id":"https:\/\/winestory.org\/?cat=6#listItem","name":"A la une"}},{"@type":"ListItem","@id":"https:\/\/winestory.org\/?cat=6#listItem","position":2,"name":"A la une","item":"https:\/\/winestory.org\/?cat=6","nextItem":{"@type":"ListItem","@id":"https:\/\/winestory.org\/?p=1324#listItem","name":"Sieurs d\u00e9gustateurs, vous allez salement d\u00e9guster !"},"previousItem":{"@type":"ListItem","@id":"https:\/\/winestory.org#listItem","name":"Accueil"}},{"@type":"ListItem","@id":"https:\/\/winestory.org\/?p=1324#listItem","position":3,"name":"Sieurs d\u00e9gustateurs, vous allez salement d\u00e9guster !","previousItem":{"@type":"ListItem","@id":"https:\/\/winestory.org\/?cat=6#listItem","name":"A la une"}}]},{"@type":"Organization","@id":"https:\/\/winestory.org\/#organization","name":"Winestory","description":"L'autre fa\u00e7on de parler du vin...","url":"https:\/\/winestory.org\/"},{"@type":"Person","@id":"https:\/\/winestory.org\/?author=1#author","url":"https:\/\/winestory.org\/?author=1","name":"WineStory","image":{"@type":"ImageObject","@id":"https:\/\/winestory.org\/?p=1324#authorImage","url":"https:\/\/secure.gravatar.com\/avatar\/d3db91336fc7f183ab9f444dc4dd0ca860b4dfc0d7646e49dc5c691979c0514d?s=96&d=mm&r=g","width":96,"height":96,"caption":"WineStory"}},{"@type":"WebPage","@id":"https:\/\/winestory.org\/?p=1324#webpage","url":"https:\/\/winestory.org\/?p=1324","name":"Sieurs d\u00e9gustateurs, vous allez salement d\u00e9guster ! | Winestory","description":"Je vous pr\u00e9viens en 2016 vous allez d\u00e9guster !!! Calendrier des manifestations * : Vendredi 12 f\u00e9vrier 2016 : Initiation \u00e0 la d\u00e9gustation Samedi 16 avril 2016 : D\u00eener de Gala dansant (local) Du 5 au 8 mai 2016 : Le grand pont oenotouristique (Ascension), dans la r\u00e9gion des appellations septentrionales de la Vall\u00e9e du Rh\u00f4ne, (Vienne au sud de Lyon) : C\u00f4te-r\u00f4tie, Condrieu, Ch\u00e2teau Grillet et Saint-Joseph, patrie escarp\u00e9e des c\u00e9pages syrah et viognier. Visites du patrimoine, d\u00e9gustations chez le vigneron, chambres et tables d'h\u00f4tes. (en petit comit\u00e9) 2 et 3 juillet 2016 : Week-end oenotouristique en Normandie : d\u00e9couverte d'un vigneron et\/ou d'un distillateur de et en Calvados, cidre, visite patrimoine et fromager. A la rentr\u00e9e : D\u00e9gustation de vins portugais chez Portologia \u00e0 Paris Notez toutes ces dates sur votre agenda d\u00e8s maintenant ! \u200b\u200b\u200b\u200b\u200bMerci de respecter les dates buttoir de confirmation et les r\u00e8glements s\u00e9par\u00e9s. Afin d' avoir la possibilit\u00e9 de pouvoir r\u00e9server \u00e0 temps,et d'organiser, nous vous remercions de nous donner vos options d\u00e9s maintenant, notamment pour la soir\u00e9e dansante et le s\u00e9jour en C\u00f4te R\u00f4tie, s'il vous pla\u00eet en nous \u00e9crivant sur contact@winestory.fr * en cours d'\u00e9laboration, sous r\u00e9serves de modification.","inLanguage":"fr-FR","isPartOf":{"@id":"https:\/\/winestory.org\/#website"},"breadcrumb":{"@id":"https:\/\/winestory.org\/?p=1324#breadcrumblist"},"author":{"@id":"https:\/\/winestory.org\/?author=1#author"},"creator":{"@id":"https:\/\/winestory.org\/?author=1#author"},"image":{"@type":"ImageObject","url":"https:\/\/winestory.org\/wp-content\/uploads\/2016\/02\/ob_46bf3f_12308283-712025102261161-3181376840114.jpg","@id":"https:\/\/winestory.org\/?p=1324\/#mainImage","width":526,"height":526},"primaryImageOfPage":{"@id":"https:\/\/winestory.org\/?p=1324#mainImage"},"datePublished":"2016-02-03T09:52:17+01:00","dateModified":"2016-02-08T11:28:56+01:00"},{"@type":"WebSite","@id":"https:\/\/winestory.org\/#website","url":"https:\/\/winestory.org\/","name":"Winestory","description":"L'autre fa\u00e7on de parler du vin...","inLanguage":"fr-FR","publisher":{"@id":"https:\/\/winestory.org\/#organization"}}]},"og:locale":"fr_FR","og:site_name":"Winestory | L'autre fa\u00e7on de parler du vin...","og:type":"article","og:title":"Sieurs d\u00e9gustateurs, vous allez salement d\u00e9guster ! | Winestory","og:description":"Je vous pr\u00e9viens en 2016 vous allez d\u00e9guster !!! Calendrier des manifestations * : Vendredi 12 f\u00e9vrier 2016 : Initiation \u00e0 la d\u00e9gustation Samedi 16 avril 2016 : D\u00eener de Gala dansant (local) Du 5 au 8 mai 2016 : Le grand pont oenotouristique (Ascension), dans la r\u00e9gion des appellations septentrionales de la Vall\u00e9e du Rh\u00f4ne, (Vienne au sud de Lyon) : C\u00f4te-r\u00f4tie, Condrieu, Ch\u00e2teau Grillet et Saint-Joseph, patrie escarp\u00e9e des c\u00e9pages syrah et viognier. Visites du patrimoine, d\u00e9gustations chez le vigneron, chambres et tables d'h\u00f4tes. (en petit comit\u00e9) 2 et 3 juillet 2016 : Week-end oenotouristique en Normandie : d\u00e9couverte d'un vigneron et\/ou d'un distillateur de et en Calvados, cidre, visite patrimoine et fromager. A la rentr\u00e9e : D\u00e9gustation de vins portugais chez Portologia \u00e0 Paris Notez toutes ces dates sur votre agenda d\u00e8s maintenant ! \u200b\u200b\u200b\u200b\u200bMerci de respecter les dates buttoir de confirmation et les r\u00e8glements s\u00e9par\u00e9s. Afin d' avoir la possibilit\u00e9 de pouvoir r\u00e9server \u00e0 temps,et d'organiser, nous vous remercions de nous donner vos options d\u00e9s maintenant, notamment pour la soir\u00e9e dansante et le s\u00e9jour en C\u00f4te R\u00f4tie, s'il vous pla\u00eet en nous \u00e9crivant sur contact@winestory.fr * en cours d'\u00e9laboration, sous r\u00e9serves de modification.","og:url":"https:\/\/winestory.org\/?p=1324","article:published_time":"2016-02-03T08:52:17+00:00","article:modified_time":"2016-02-08T10:28:56+00:00","twitter:card":"summary","twitter:title":"Sieurs d\u00e9gustateurs, vous allez salement d\u00e9guster ! | Winestory","twitter:description":"Je vous pr\u00e9viens en 2016 vous allez d\u00e9guster !!! Calendrier des manifestations * : Vendredi 12 f\u00e9vrier 2016 : Initiation \u00e0 la d\u00e9gustation Samedi 16 avril 2016 : D\u00eener de Gala dansant (local) Du 5 au 8 mai 2016 : Le grand pont oenotouristique (Ascension), dans la r\u00e9gion des appellations septentrionales de la Vall\u00e9e du Rh\u00f4ne, (Vienne au sud de Lyon) : C\u00f4te-r\u00f4tie, Condrieu, Ch\u00e2teau Grillet et Saint-Joseph, patrie escarp\u00e9e des c\u00e9pages syrah et viognier. Visites du patrimoine, d\u00e9gustations chez le vigneron, chambres et tables d'h\u00f4tes. (en petit comit\u00e9) 2 et 3 juillet 2016 : Week-end oenotouristique en Normandie : d\u00e9couverte d'un vigneron et\/ou d'un distillateur de et en Calvados, cidre, visite patrimoine et fromager. A la rentr\u00e9e : D\u00e9gustation de vins portugais chez Portologia \u00e0 Paris Notez toutes ces dates sur votre agenda d\u00e8s maintenant ! \u200b\u200b\u200b\u200b\u200bMerci de respecter les dates buttoir de confirmation et les r\u00e8glements s\u00e9par\u00e9s. Afin d' avoir la possibilit\u00e9 de pouvoir r\u00e9server \u00e0 temps,et d'organiser, nous vous remercions de nous donner vos options d\u00e9s maintenant, notamment pour la soir\u00e9e dansante et le s\u00e9jour en C\u00f4te R\u00f4tie, s'il vous pla\u00eet en nous \u00e9crivant sur contact@winestory.fr * en cours d'\u00e9laboration, sous r\u00e9serves de modification."},"aioseo_meta_data":{"post_id":"1324","title":"Sieurs d\u00e9gustateurs, vous allez salement d\u00e9guster ! | #site_title","description":"Je vous pr\u00e9viens en 2016 vous allez d\u00e9guster !!!\r\n\r\nCalendrier des manifestations * :\r\n\r\nVendredi 12 f\u00e9vrier 2016 : Initiation \u00e0 la d\u00e9gustation\r\nSamedi 16 avril 2016 : D\u00eener de Gala dansant (local)\r\nDu 5 au 8 mai 2016 : Le grand pont oenotouristique (Ascension), dans la r\u00e9gion des appellations septentrionales de la Vall\u00e9e du Rh\u00f4ne, (Vienne au sud de Lyon) : C\u00f4te-r\u00f4tie, Condrieu, Ch\u00e2teau Grillet et Saint-Joseph, patrie escarp\u00e9e des c\u00e9pages syrah et viognier. Visites du patrimoine, d\u00e9gustations chez le vigneron, chambres et tables d'h\u00f4tes. (en petit comit\u00e9)\r\n2 et 3 juillet 2016 : Week-end oenotouristique en Normandie : d\u00e9couverte d'un vigneron et\/ou d'un distillateur de et en Calvados, cidre, visite patrimoine et fromager.\r\nA la rentr\u00e9e : D\u00e9gustation de vins portugais chez Portologia \u00e0 Paris\r\nNotez toutes ces dates sur votre agenda d\u00e8s maintenant !\r\n\r\n\u200b\u200b\u200b\u200b\u200bMerci de respecter les dates buttoir de confirmation et les r\u00e8glements s\u00e9par\u00e9s.\r\n\r\nAfin d' avoir la possibilit\u00e9 de pouvoir r\u00e9server \u00e0 temps,et d'organiser, nous vous remercions de nous donner vos options d\u00e9s maintenant, notamment pour la soir\u00e9e dansante et le s\u00e9jour en C\u00f4te R\u00f4tie, s'il vous pla\u00eet en nous \u00e9crivant sur contact@winestory.fr\r\n\r\n* en cours d'\u00e9laboration, sous r\u00e9serves de modification.","keywords":[{"label":"agenda","value":"agenda"},{"label":"d\u00e9gustation","value":"d\u00e9gustation"},{"label":"vin","value":"vin"},{"label":"vigneron","value":"vigneron"},{"label":"winestory","value":"winestory"},{"label":"sartrouville","value":"sartrouville"},{"label":"yvelines","value":"yvelines"},{"label":"visite","value":"visite"},{"label":"rhone","value":"rhone"},{"label":"normandie","value":"normandie"},{"label":"cote rotie","value":"cote rotie"},{"label":"condrieu","value":"condrieu"},{"label":"soir\u00e9e","value":"soir\u00e9e"}],"keyphrases":null,"primary_term":null,"canonical_url":null,"og_title":null,"og_description":null,"og_object_type":"default","og_image_type":"default","og_image_url":null,"og_image_width":null,"og_image_height":null,"og_image_custom_url":null,"og_image_custom_fields":null,"og_video":null,"og_custom_url":null,"og_article_section":null,"og_article_tags":null,"twitter_use_og":false,"twitter_card":"default","twitter_image_type":"default","twitter_image_url":null,"twitter_image_custom_url":null,"twitter_image_custom_fields":null,"twitter_title":null,"twitter_description":null,"schema":{"blockGraphs":[],"customGraphs":[],"default":{"data":{"Article":[],"Course":[],"Dataset":[],"FAQPage":[],"Movie":[],"Person":[],"Product":[],"ProductReview":[],"Car":[],"Recipe":[],"Service":[],"SoftwareApplication":[],"WebPage":[]},"graphName":"","isEnabled":true},"graphs":[]},"schema_type":null,"schema_type_options":null,"pillar_content":false,"robots_default":true,"robots_noindex":false,"robots_noarchive":false,"robots_nosnippet":false,"robots_nofollow":false,"robots_noimageindex":false,"robots_noodp":false,"robots_notranslate":false,"robots_max_snippet":null,"robots_max_videopreview":null,"robots_max_imagepreview":"large","priority":null,"frequency":null,"location":null,"local_seo":null,"breadcrumb_settings":null,"limit_modified_date":false,"ai":null,"created":"2020-12-31 09:52:00","updated":"2025-06-24 13:48:33","seo_analyzer_scan_date":null,"focus_keyword":null,"additional_keywords":null,"truseo_locale":null},"aioseo_breadcrumb":"<div class=\"aioseo-breadcrumbs\"><span class=\"aioseo-breadcrumb\">\n\t\t\t<a href=\"https:\/\/winestory.org\" title=\"Accueil\">Accueil<\/a>\n\t\t<\/span><span class=\"aioseo-breadcrumb-separator\">&raquo;<\/span><span class=\"aioseo-breadcrumb\">\n\t\t\t<a href=\"https:\/\/winestory.org\/?cat=6\" title=\"A la une\">A la une<\/a>\n\t\t<\/span><span class=\"aioseo-breadcrumb-separator\">&raquo;<\/span><span class=\"aioseo-breadcrumb\">\n\t\t\tSieurs d\u00e9gustateurs, vous allez salement d\u00e9guster !\n\t\t<\/span><\/div>","aioseo_breadcrumb_json":[{"label":"Accueil","link":"https:\/\/winestory.org"},{"label":"A la une","link":"https:\/\/winestory.org\/?cat=6"},{"label":"Sieurs d\u00e9gustateurs, vous allez salement d\u00e9guster !","link":"https:\/\/winestory.org\/?p=1324"}],"acf":[],"_links":{"self":[{"href":"https:\/\/winestory.org\/index.php?rest_route=\/wp\/v2\/posts\/1324","targetHints":{"allow":["GET"]}}],"collection":[{"href":"https:\/\/winestory.org\/index.php?rest_route=\/wp\/v2\/posts"}],"about":[{"href":"https:\/\/winestory.org\/index.php?rest_route=\/wp\/v2\/types\/post"}],"author":[{"embeddable":true,"href":"https:\/\/winestory.org\/index.php?rest_route=\/wp\/v2\/users\/1"}],"replies":[{"embeddable":true,"href":"https:\/\/winestory.org\/index.php?rest_route=%2Fwp%2Fv2%2Fcomments&post=1324"}],"version-history":[{"count":0,"href":"https:\/\/winestory.org\/index.php?rest_route=\/wp\/v2\/posts\/1324\/revisions"}],"wp:featuredmedia":[{"embeddable":true,"href":"https:\/\/winestory.org\/index.php?rest_route=\/wp\/v2\/media\/1325"}],"wp:attachment":[{"href":"https:\/\/winestory.org\/index.php?rest_route=%2Fwp%2Fv2%2Fmedia&parent=1324"}],"wp:term":[{"taxonomy":"category","embeddable":true,"href":"https:\/\/winestory.org\/index.php?rest_route=%2Fwp%2Fv2%2Fcategories&post=1324"},{"taxonomy":"post_tag","embeddable":true,"href":"https:\/\/winestory.org\/index.php?rest_route=%2Fwp%2Fv2%2Ftags&post=1324"}],"curies":[{"name":"wp","href":"https:\/\/api.w.org\/{rel}","templated":true}]}}