{"id":4209,"date":"2022-04-13T15:21:37","date_gmt":"2022-04-13T14:21:37","guid":{"rendered":"https:\/\/winestory.org\/?p=4209"},"modified":"2022-04-13T15:21:37","modified_gmt":"2022-04-13T14:21:37","slug":"portrait-du-domaine-de-la-mechiniere","status":"publish","type":"post","link":"https:\/\/winestory.org\/?p=4209","title":{"rendered":"Portrait du Domaine de la M\u00e9chini\u00e9re"},"content":{"rendered":"<p style=\"text-align: justify;\"><span style=\"font-family: verdana, geneva, sans-serif; font-size: 12pt;\">Depuis 1997, <strong>Val\u00e9rie Forgues<\/strong> est au domaine, d&rsquo;une superficie viticole de 13 hectares, sur un sol silico-argileux, \u00e0 Mareuil (Loir-et-Cher). Le pr\u00e9d\u00e9cesseur n&rsquo;\u00e9tait pas en culture biologique, et le travail pour redresser la situation laiss\u00e9e est titanesque. Val\u00e9rie reprend seule son exploitation, sans exp\u00e9rience !<\/span><br \/>\n<span style=\"font-family: verdana, geneva, sans-serif; font-size: 12pt;\">Mais \u00e0 l&rsquo;\u00e9poque, Didier, du Clos Roche blanche, vigneron local et messie, lui guide la main !<\/span><\/p>\n<p style=\"text-align: justify;\"><strong><span style=\"font-family: verdana, geneva, sans-serif; font-size: 12pt;\">Les vignes sont tr\u00e8s, tr\u00e8s vieilles, \u00e0 certains endroits trop vieilles, mais tellement belles et tellement bonnes, car pr\u00e9phyllox\u00e9riques.<\/span><\/strong><\/p>\n<p style=\"text-align: justify;\"><span style=\"font-family: verdana, geneva, sans-serif; font-size: 12pt;\">Prochainement de nouvelles plantations se mettront en place pour la p\u00e9rennit\u00e9 du vignoble. L&#8217;empirisme est n\u00e9.<\/span><br \/>\n<span style=\"font-family: verdana, geneva, sans-serif; font-size: 12pt;\">Les c\u00e9pages plant\u00e9s sont les suivants : Sauvignon, Gamay, C\u00f4t, Pineau d&rsquo;Aunis, Orbois, Cabernet et Chenin : nobles, modestes et oubli\u00e9s \u00e9crit elle !<\/span><br \/>\n<span style=\"font-family: verdana, geneva, sans-serif; font-size: 12pt;\">Le mode de culture est biologique (Ecocert) et Val\u00e9rie est aid\u00e9e d&rsquo;un ouvrier polyvalent, \u00e0 la fois vigneron et m\u00e9canicien.<\/span><br \/>\n<span style=\"font-family: verdana, geneva, sans-serif; font-size: 12pt;\">La taille est traditionnelle, courte \u00e0 baguettes, mais surtout effectu\u00e9e en veillant au principe de suivre le flux de s\u00e8ve du cep de vigne. Les vinifications se font en cuve, sans intrants.<\/span><\/p>\n<p style=\"text-align: justify;\"><strong><span style=\"font-family: verdana, geneva, sans-serif; font-size: 12pt;\">Nos vins sont reflets de nos paysages. Ils viennent d&rsquo;une terre vivante et respect\u00e9e et racontent leur raisin.<\/span><\/strong><\/p>\n<p style=\"text-align: justify;\"><span style=\"font-family: verdana, geneva, sans-serif; font-size: 12pt;\">Un membre \u0153nophile de <strong><span style=\"color: #800080;\">Winestory<\/span> <\/strong>ayant go\u00fbt\u00e9 ses vins en 2017, les a qualifi\u00e9 d&rsquo;\u00e9tonnants, alors curieux, j&rsquo;ai commenc\u00e9 par visiter les vignes, l\u00e0 o\u00f9 d&rsquo;abord se font les vins. Puis en cuisine, le lieu n&rsquo;est pas anodin, cela nous rappelle que les vins sont faits pour manger avec.<\/span><br \/>\n<span style=\"font-family: verdana, geneva, sans-serif; font-size: 12pt;\">Passons \u00e0 la d\u00e9gustation, avec un r\u00e9cent arrivant Louis, le fils qui, s\u00e9rieusement, met la main \u00e0 la p\u00e2te au sein de l&rsquo;exploitation.<\/span><\/p>\n<p style=\"text-align: justify;\"><strong><span style=\"font-family: verdana, geneva, sans-serif; font-size: 12pt;\"><a href=\"http:\/\/winestory.org\/wp-content\/uploads\/2022\/04\/65094847-a998-47da-b6f0-71813fb7ab27-scaled.jpg\"><img fetchpriority=\"high\" decoding=\"async\" class=\"size-medium wp-image-4204 alignleft\" src=\"http:\/\/winestory.org\/wp-content\/uploads\/2022\/04\/65094847-a998-47da-b6f0-71813fb7ab27-225x300.jpg\" alt=\"\" width=\"225\" height=\"300\" srcset=\"https:\/\/winestory.org\/wp-content\/uploads\/2022\/04\/65094847-a998-47da-b6f0-71813fb7ab27-225x300.jpg 225w, https:\/\/winestory.org\/wp-content\/uploads\/2022\/04\/65094847-a998-47da-b6f0-71813fb7ab27-768x1024.jpg 768w, https:\/\/winestory.org\/wp-content\/uploads\/2022\/04\/65094847-a998-47da-b6f0-71813fb7ab27-600x800.jpg 600w, https:\/\/winestory.org\/wp-content\/uploads\/2022\/04\/65094847-a998-47da-b6f0-71813fb7ab27-1152x1536.jpg 1152w, https:\/\/winestory.org\/wp-content\/uploads\/2022\/04\/65094847-a998-47da-b6f0-71813fb7ab27-1536x2048.jpg 1536w, https:\/\/winestory.org\/wp-content\/uploads\/2022\/04\/65094847-a998-47da-b6f0-71813fb7ab27-1140x1520.jpg 1140w, https:\/\/winestory.org\/wp-content\/uploads\/2022\/04\/65094847-a998-47da-b6f0-71813fb7ab27-1320x1760.jpg 1320w, https:\/\/winestory.org\/wp-content\/uploads\/2022\/04\/65094847-a998-47da-b6f0-71813fb7ab27-scaled.jpg 1920w\" sizes=\"(max-width: 225px) 100vw, 225px\" \/><\/a>La vigneronne qu&rsquo;elle est devenue \u00e0 la force du poignet, vous am\u00e8ne sur un long chemin genre Compostelle, avec une foi au discours s\u00e9duisant !<\/span><\/strong><\/p>\n<p style=\"text-align: justify;\"><span style=\"font-family: verdana, geneva, sans-serif; font-size: 12pt;\"><em><strong>Pineaux m\u00eal\u00e9s 2019, Vin de France<\/strong><\/em>, Orbois (menu pineau) et Chenin, vieilles vignes, jaune dor\u00e9, avec un nez intense \u00e0 la fois v\u00e9g\u00e9tal et floral, cire, \u00e9pic\u00e9. Attaque franche, du corps en bouche, rafra\u00eechissante avec de beaux amers en retour. Finale \u00e9nergique en fra\u00eecheur. Fermentation malolactique faite.<\/span><\/p>\n<p style=\"text-align: justify;\"><span style=\"font-family: verdana, geneva, sans-serif; font-size: 12pt;\"><em><strong>Sauvignon 2019<\/strong><\/em> : AOC, jaune moyen, limpide, nez intense v\u00e9g\u00e9tal, rameau, bonne attaque et belle enveloppe, 14,8\u00b0 fondu, vin atypique, fermentation malolactique faite.<\/span><\/p>\n<p style=\"text-align: justify;\"><span style=\"font-family: verdana, geneva, sans-serif; font-size: 12pt;\"><em><strong>Glasting, Vin de France<\/strong><\/em>, Pineau d&rsquo;Aunis 75% et Cabernet franc, ros\u00e9 de saign\u00e9e, robe framboise de profondeur moyenne, s&rsquo;exhale un nez intense de fruits noirs \u00e9pic\u00e9s, bouche fruit\u00e9e, pointe suave avec 6\/7 grammes de sucre <\/span><span style=\"font-family: verdana, geneva, sans-serif; font-size: 12pt;\">r\u00e9siduel, finale \u00e0 la fois poivr\u00e9e et douce.<\/span><\/p>\n<p style=\"text-align: justify;\"><span style=\"font-family: verdana, geneva, sans-serif; font-size: 12pt;\"><em><strong>Gamay 2019<\/strong><\/em> : AOC, couleur violine profonde, nez de fruits noirs intense, v\u00e9g\u00e9tal et fruit\u00e9, belle attaque pour une bouche riche et friande, finale \u00e9pic\u00e9e. Participe au renouveau des Gamay locaux !<\/span><\/p>\n<p style=\"text-align: justify;\"><span style=\"font-family: verdana, geneva, sans-serif; font-size: 12pt;\"><em><strong>C\u00f4t 2017<\/strong><\/em> : AOC, Rubis profond, disque jeune, d\u00e9grad\u00e9 de ros\u00e9 \u00e0 violet, nez intense fruits noirs, belle attaque, corps mature, tanins int\u00e9gr\u00e9s, finale au v\u00e9g\u00e9tal \u00e9l\u00e9gant.<\/span><\/p>\n<p style=\"text-align: justify;\"><span style=\"font-family: verdana, geneva, sans-serif; font-size: 12pt;\"><em><strong>Ic\u00f4ne 2020, Vin de France<\/strong><\/em>, assemblage de Pinot d&rsquo;Aunis 70%, Cabernet franc 20% et de Gamay, pour une robe rubis de profondeur moyenne, limpide et brillante, nez de bonne intensit\u00e9 de fruits noirs r\u00f4tis, bouche franche avec une pointe de fermet\u00e9 tannique, \u00e9quilibr\u00e9 et long en finale.<\/span><\/p>\n<p style=\"text-align: justify;\"><span style=\"font-family: verdana, geneva, sans-serif; font-size: 12pt;\"><em><strong>Tinta&rsquo;glia 2019, Vin de France<\/strong><\/em>, vinification longue sur Pineau d&rsquo;Aunis 75% et Cabernet Franc, robe rubis profond, nez bonne intensit\u00e9 framboise surmurie, du corps m\u00eal\u00e9 d&rsquo;un fruit\u00e9 croquant fruits rouges, finale longue aromatique.<\/span><\/p>\n<p style=\"text-align: justify;\"><span style=\"font-family: verdana, geneva, sans-serif; font-size: 12pt;\">Bu les vins, pas encore VU les castors, du parcours ornithologique ! La M\u00e9chini\u00e9re au 22 route de Saint-Aignan, 41110 Mareuil-sur-Cher.<\/span><\/p>\n<p style=\"text-align: justify;\"><span style=\"font-family: verdana, geneva, sans-serif; font-size: 12pt;\">Merci \u00e0 Val\u00e9rie Forgues et Louis.<\/span><\/p>\n<p style=\"text-align: justify;\"><strong><span style=\"font-family: verdana, geneva, sans-serif; font-size: 12pt;\">Commentaires des vins d\u00e9gust\u00e9s au domaine, le 31 mars 2022<br \/>\npar <\/span><span style=\"font-family: verdana, geneva, sans-serif; font-size: 12pt;\">Jean Charles B\u00e9guet<\/span><\/strong><br \/>\n<strong><span style=\"font-family: verdana, geneva, sans-serif; font-size: 12pt;\">Pr\u00e9sident Winestory<\/span><\/strong><\/p>\n<p style=\"text-align: justify;\"><span style=\"color: #800080;\"><em><strong><span style=\"font-family: verdana, geneva, sans-serif; font-size: 12pt;\">La malolactique k\u00e9saco ?<\/span><\/strong><\/em><\/span><br \/>\n<span style=\"font-family: verdana, geneva, sans-serif; font-size: 12pt; color: #800080;\">En vinification, la fermentation malolactique, aussi abr\u00e9g\u00e9e FML ou malo, est la transformation de l&rsquo;acide malique en acide lactique par l&rsquo;interm\u00e9diaire de bact\u00e9ries ana\u00e9robies appel\u00e9es bact\u00e9ries lactiques comme l\u2019esp\u00e8ce Oenococcus oeni. Se traduisant par une diminution de l&rsquo;acidit\u00e9, elle permet une stabilisation et un assouplissement du vin, particuli\u00e8rement recherch\u00e9s pour la vinification en rouge.<\/span><\/p>\n<p style=\"text-align: justify;\"><span style=\"font-family: verdana, geneva, sans-serif; font-size: 12pt; color: #800080;\">Elle peut se r\u00e9aliser pr\u00e9cocement, c&rsquo;est-\u00e0-dire simultan\u00e9ment \u00e0 la fermentation alcoolique, ou tardivement dans les mois qui suivent pendant l\u2019\u00e9levage. Elle peut donc se faire en cuve, comme en foudre ou en f\u00fbt.<\/span><\/p>\n<p style=\"text-align: center;\">ngg_shortcode_0_placeholder<\/p>\n","protected":false},"excerpt":{"rendered":"<p>Depuis 1997, Val\u00e9rie Forgues est au domaine, d&rsquo;une superficie viticole de 13 hectares, sur un sol silico-argileux, \u00e0 Mareuil (Loir-et-Cher). Le pr\u00e9d\u00e9cesseur n&rsquo;\u00e9tait pas en culture biologique, et le travail pour redresser la situation laiss\u00e9e est titanesque. Val\u00e9rie reprend seule son exploitation, sans exp\u00e9rience ! Mais \u00e0 l&rsquo;\u00e9poque, Didier, du Clos Roche blanche, vigneron local et messie, lui guide la main ! Les vignes sont tr\u00e8s, tr\u00e8s vieilles, \u00e0 certains endroits trop vieilles, mais tellement belles et tellement bonnes, car pr\u00e9phyllox\u00e9riques. Prochainement de nouvelles plantations se mettront en place pour la p\u00e9rennit\u00e9 du vignoble. L&#8217;empirisme est n\u00e9. Les c\u00e9pages plant\u00e9s sont les suivants : Sauvignon, Gamay, C\u00f4t, Pineau d&rsquo;Aunis, Orbois, Cabernet et Chenin : nobles, modestes et oubli\u00e9s \u00e9crit elle ! Le mode de culture est biologique (Ecocert) et Val\u00e9rie est aid\u00e9e d&rsquo;un ouvrier polyvalent, \u00e0 la fois vigneron et m\u00e9canicien. La taille est traditionnelle, courte \u00e0 baguettes, mais surtout effectu\u00e9e en veillant au principe de suivre le flux de s\u00e8ve du cep de vigne. Les vinifications se font en cuve, sans intrants. Nos vins sont reflets de nos paysages. Ils viennent d&rsquo;une terre vivante et respect\u00e9e et racontent leur raisin. Un membre \u0153nophile de Winestory ayant go\u00fbt\u00e9 ses vins en 2017, les a qualifi\u00e9 d&rsquo;\u00e9tonnants, alors curieux, j&rsquo;ai commenc\u00e9 par visiter les vignes, l\u00e0 o\u00f9 d&rsquo;abord se font les vins. Puis en cuisine, le lieu n&rsquo;est pas anodin, cela nous rappelle que les vins sont faits pour manger avec. Passons \u00e0 la d\u00e9gustation, avec un r\u00e9cent arrivant Louis, le fils qui, s\u00e9rieusement, met la main \u00e0 la p\u00e2te au sein de l&rsquo;exploitation. La vigneronne qu&rsquo;elle est devenue \u00e0 la force du poignet, vous am\u00e8ne sur un long chemin genre Compostelle, avec une foi au discours s\u00e9duisant ! Pineaux m\u00eal\u00e9s 2019, Vin de France, Orbois (menu pineau) et Chenin, vieilles vignes, jaune dor\u00e9, avec un nez intense \u00e0 la fois v\u00e9g\u00e9tal et floral, cire, \u00e9pic\u00e9. Attaque franche, du corps en bouche, rafra\u00eechissante avec de beaux amers en retour. Finale \u00e9nergique en fra\u00eecheur. Fermentation malolactique faite. Sauvignon 2019 : AOC, jaune moyen, limpide, nez intense v\u00e9g\u00e9tal, rameau, bonne attaque et belle enveloppe, 14,8\u00b0 fondu, vin atypique, fermentation malolactique faite. Glasting, Vin de France, Pineau d&rsquo;Aunis 75% et Cabernet franc, ros\u00e9 de saign\u00e9e, robe framboise de profondeur moyenne, s&rsquo;exhale un nez intense de fruits noirs \u00e9pic\u00e9s, bouche fruit\u00e9e, pointe suave avec 6\/7 grammes de sucre r\u00e9siduel, finale \u00e0 la fois poivr\u00e9e et douce. Gamay 2019 : AOC, couleur violine profonde, nez de fruits noirs intense, v\u00e9g\u00e9tal et fruit\u00e9, belle attaque pour une bouche riche et friande, finale \u00e9pic\u00e9e. Participe au renouveau des Gamay locaux ! C\u00f4t 2017 : AOC, Rubis profond, disque jeune, d\u00e9grad\u00e9 de ros\u00e9 \u00e0 violet, nez intense fruits noirs, belle attaque, corps mature, tanins int\u00e9gr\u00e9s, finale au v\u00e9g\u00e9tal \u00e9l\u00e9gant. Ic\u00f4ne 2020, Vin de France, assemblage de Pinot d&rsquo;Aunis 70%, Cabernet franc 20% et de Gamay, pour une robe rubis de profondeur moyenne, limpide et brillante, nez de bonne intensit\u00e9 de fruits noirs r\u00f4tis, bouche franche avec une pointe de fermet\u00e9 tannique, \u00e9quilibr\u00e9 et long en finale. Tinta&rsquo;glia 2019, Vin de France, vinification longue sur Pineau d&rsquo;Aunis 75% et Cabernet Franc, robe rubis profond, nez bonne intensit\u00e9 framboise surmurie, du corps m\u00eal\u00e9 d&rsquo;un fruit\u00e9 croquant fruits rouges, finale longue aromatique. Bu les vins, pas encore VU les castors, du parcours ornithologique ! La M\u00e9chini\u00e9re au 22 route de Saint-Aignan, 41110 Mareuil-sur-Cher. Merci \u00e0 Val\u00e9rie Forgues et Louis. Commentaires des vins d\u00e9gust\u00e9s au domaine, le 31 mars 2022 par Jean Charles B\u00e9guet Pr\u00e9sident Winestory La malolactique k\u00e9saco ? En vinification, la fermentation malolactique, aussi abr\u00e9g\u00e9e FML ou malo, est la transformation de l&rsquo;acide malique en acide lactique par l&rsquo;interm\u00e9diaire de bact\u00e9ries ana\u00e9robies appel\u00e9es bact\u00e9ries lactiques comme l\u2019esp\u00e8ce Oenococcus oeni. Se traduisant par une diminution de l&rsquo;acidit\u00e9, elle permet une stabilisation et un assouplissement du vin, particuli\u00e8rement recherch\u00e9s pour la vinification en rouge. Elle peut se r\u00e9aliser pr\u00e9cocement, c&rsquo;est-\u00e0-dire simultan\u00e9ment \u00e0 la fermentation alcoolique, ou tardivement dans les mois qui suivent pendant l\u2019\u00e9levage. Elle peut donc se faire en cuve, comme en foudre ou en f\u00fbt.<\/p>\n","protected":false},"author":1,"featured_media":4183,"comment_status":"open","ping_status":"open","sticky":false,"template":"","format":"standard","meta":{"ngg_post_thumbnail":0,"footnotes":"","_links_to":"","_links_to_target":""},"categories":[6,3],"tags":[],"class_list":["post-4209","post","type-post","status-publish","format-standard","has-post-thumbnail","hentry","category-une","category-rencontres"],"aioseo_notices":[],"acf":[],"_links":{"self":[{"href":"https:\/\/winestory.org\/index.php?rest_route=\/wp\/v2\/posts\/4209","targetHints":{"allow":["GET"]}}],"collection":[{"href":"https:\/\/winestory.org\/index.php?rest_route=\/wp\/v2\/posts"}],"about":[{"href":"https:\/\/winestory.org\/index.php?rest_route=\/wp\/v2\/types\/post"}],"author":[{"embeddable":true,"href":"https:\/\/winestory.org\/index.php?rest_route=\/wp\/v2\/users\/1"}],"replies":[{"embeddable":true,"href":"https:\/\/winestory.org\/index.php?rest_route=%2Fwp%2Fv2%2Fcomments&post=4209"}],"version-history":[{"count":0,"href":"https:\/\/winestory.org\/index.php?rest_route=\/wp\/v2\/posts\/4209\/revisions"}],"wp:featuredmedia":[{"embeddable":true,"href":"https:\/\/winestory.org\/index.php?rest_route=\/wp\/v2\/media\/4183"}],"wp:attachment":[{"href":"https:\/\/winestory.org\/index.php?rest_route=%2Fwp%2Fv2%2Fmedia&parent=4209"}],"wp:term":[{"taxonomy":"category","embeddable":true,"href":"https:\/\/winestory.org\/index.php?rest_route=%2Fwp%2Fv2%2Fcategories&post=4209"},{"taxonomy":"post_tag","embeddable":true,"href":"https:\/\/winestory.org\/index.php?rest_route=%2Fwp%2Fv2%2Ftags&post=4209"}],"curies":[{"name":"wp","href":"https:\/\/api.w.org\/{rel}","templated":true}]}}